[{"@context":"https:\/\/schema.org\/","@type":"Article","@id":"https:\/\/www.skvaran.cz\/chcete-mit-deti\/#Article","mainEntityOfPage":"https:\/\/www.skvaran.cz\/chcete-mit-deti\/","headline":"Chcete m\u00edt d\u011bti?","name":"Chcete m\u00edt d\u011bti?","description":"Kdy\u017e p\u0159ed revoluc\u00ed roku 1989 bylo d\u00edvce dvacet let a nebyla je\u0161t\u011b vdan\u00e1 a nem\u011bla d\u011bti, byla pova\u017eov\u00e1na v podstat\u011b za divnou. B\u011b\u017en\u00e9 bylo vd\u00e1vat se hned po osmn\u00e1ct\u00e9m roku a s d\u011btmi se tak\u00e9 moc neot\u00e1lelo. Kdy\u017e \u017eena kolem t\u0159iceti let byla t\u011bhotn\u00e1, byla v porodnici zaru\u010den\u011b nejstar\u0161\u00ed. Dnes je to zcela opa\u010dn\u011b. \u017deny &hellip; ","datePublished":"2022-07-23","dateModified":"2022-07-23","author":{"@type":"Person","@id":"https:\/\/www.skvaran.cz\/author\/#Person","name":"","url":"https:\/\/www.skvaran.cz\/author\/","identifier":1,"image":{"@type":"ImageObject","@id":"https:\/\/secure.gravatar.com\/avatar\/56990d361a15c60249588fcd5c65556d1c39f993ac5e20b5abce42fd817b46e8?s=96&d=mm&r=g","url":"https:\/\/secure.gravatar.com\/avatar\/56990d361a15c60249588fcd5c65556d1c39f993ac5e20b5abce42fd817b46e8?s=96&d=mm&r=g","height":96,"width":96}},"publisher":{"@type":"Organization","name":"skvaran.cz","logo":{"@type":"ImageObject","@id":"\/logo.png","url":"\/logo.png","width":600,"height":60}},"image":{"@type":"ImageObject","@id":"https:\/\/www.skvaran.cz\/wp-content\/uploads\/baby-ge4a226c3a_640.jpg","url":"https:\/\/www.skvaran.cz\/wp-content\/uploads\/baby-ge4a226c3a_640.jpg","height":0,"width":0},"url":"https:\/\/www.skvaran.cz\/chcete-mit-deti\/","about":["V\u00fdrobky"],"wordCount":450,"articleBody":"      Kdy\u017e p\u0159ed revoluc\u00ed roku 1989 bylo d\u00edvce dvacet let a nebyla je\u0161t\u011b vdan\u00e1 a nem\u011bla d\u011bti, byla pova\u017eov\u00e1na v podstat\u011b za divnou. B\u011b\u017en\u00e9 bylo vd\u00e1vat se hned po osmn\u00e1ct\u00e9m roku a s d\u011btmi se tak\u00e9 moc neot\u00e1lelo. Kdy\u017e \u017eena kolem t\u0159iceti let byla t\u011bhotn\u00e1, byla v porodnici zaru\u010den\u011b nejstar\u0161\u00ed. Dnes je to zcela opa\u010dn\u011b. \u017deny ve t\u0159iceti teprve o d\u011btech za\u010d\u00ednaj\u00ed p\u0159em\u00fd\u0161let.V\u0161e m\u00e1 sv\u00e9 v\u00fdhody i nev\u00fdhody, a to samoz\u0159ejm\u011b plat\u00ed o tom, kdy m\u00edt d\u011bti. Pokud se v\u00e1m d\u011bti narodily, kdy\u017e v\u00e1m bylo dvacet, nen\u00ed pravd\u011bpodobn\u00e9, \u017ee v\u00e1m s hl\u00edd\u00e1n\u00edm bude pom\u00e1hat babi\u010dka. Ta je\u0161t\u011b bude chodit do pr\u00e1ce a celou vlastn\u00ed dovolenou pravd\u011bpodobn\u011b na hl\u00edd\u00e1n\u00ed vnou\u010dat nepou\u017eije. Jednozna\u010dnou v\u00fdhodou ale je, \u017ee kdy\u017e v\u00e1m bude \u010dty\u0159icet, budou va\u0161e d\u011bti u\u017e pravd\u011bpodobn\u011b samostatn\u00e9 a vy, st\u00e1le je\u0161t\u011b pln\u00ed sil a tak\u00e9 ji\u017e finan\u010dn\u011b zaji\u0161t\u011bn\u00ed, si budete moct u\u017e\u00edvat sv\u011bta a \u017eivota.Naproti tomu dne\u0161n\u00ed ml\u00e1de\u017e se sna\u017e\u00ed u\u017e\u00edt si \u017eivota d\u0159\u00edve, ne\u017e se rozhodnou m\u00edt d\u011bti. Porod\u00ed-li \u017eena kolem t\u0159iceti p\u011bti let nebo je\u0161t\u011b pozd\u011bji, bude pubertu sv\u00fdch d\u011bt\u00ed \u0159e\u0161it ve sv\u00fdch pades\u00e1ti a tady u\u017e to nemus\u00ed tak zvl\u00e1dat. Samoz\u0159ejm\u011b nejen ona, ale i otec d\u00edt\u011bte. A kdy\u017e se va\u0161e d\u011bti osamostatn\u00ed, budete m\u00edt \u0161edes\u00e1t let a na n\u011bjak\u00e9 velk\u00e9 z\u00e1\u017eitky u\u017e to asi nebude.M\u00edt d\u011bti je slo\u017eit\u00e9 rozhodnut\u00ed a dne\u0161n\u00ed doba lidem rozhodn\u011b nic neuleh\u010dila. Mlad\u00ed lid\u00e9 se ne\u017eenou za pen\u011bzi, ale cht\u011bj\u00ed b\u00fdt finan\u010dn\u011b zaji\u0161t\u011bn\u00ed, a proto d\u011bti odkl\u00e1daj\u00ed na st\u00e1le pozd\u011bj\u0161\u00ed dobu. Jen\u017ee ona nikdy nebude vhodn\u00e1 doba, v\u017edy se najde n\u011bco, kv\u016fli \u010demu po\u010det\u00ed odlo\u017e\u00edte a snadno se tak m\u016f\u017ee st\u00e1t, \u017ee p\u0159e\u0161vihnete sv\u00e9 biologick\u00e9 hodiny a budete dal\u0161\u00ed v z\u00e1stupu na kliniku um\u011bl\u00e9 reprodukce. Chcete m\u00edt d\u011bti a jezdit po parku s ko\u010d\u00e1rkem Kunert? Neodkl\u00e1dejte to dlouho, proto\u017ee ide\u00e1ln\u00ed v\u011bk je do dvaceti p\u011bti let v\u011bku \u017eeny. Jen\u017ee to mnoh\u00e9 z nich je\u0161t\u011b dod\u011bl\u00e1vaj\u00ed vysokou \u0161kolu nebo se zau\u010duj\u00ed v pr\u00e1ci a nemaj\u00ed pocit dostate\u010dn\u00e9ho finan\u010dn\u00edho zabezpe\u010den\u00ed.                                                                                                                                                                                                                                                                                                                                                                                          4.5\/5 - (6 votes)        "},{"@context":"https:\/\/schema.org\/","@type":"BreadcrumbList","itemListElement":[{"@type":"ListItem","position":1,"name":"Chcete m\u00edt d\u011bti?","item":"https:\/\/www.skvaran.cz\/chcete-mit-deti\/#breadcrumbitem"}]}]