[{"@context":"https:\/\/schema.org\/","@type":"Article","@id":"https:\/\/www.skvaran.cz\/do-mycky-ano-ci-ne\/#Article","mainEntityOfPage":"https:\/\/www.skvaran.cz\/do-mycky-ano-ci-ne\/","headline":"Do my\u010dky ano \u010di ne?","name":"Do my\u010dky ano \u010di ne?","description":"V\u016fz si m\u016f\u017eete um\u00fdt sami nebo vyu\u017e\u00edt slu\u017eeb my\u010dek. N\u011bkdo myt\u00ed v my\u010dk\u00e1ch odm\u00edt\u00e1 s t\u00edm, \u017ee si tam zni\u010d\u00ed lak na aut\u011b, jin\u00fd je naopak p\u0159\u00edznivcem tohoto zp\u016fsobu myt\u00ed automobilu. A\u0165 tak nebo tak, o sv\u00e9ho mil\u00e1\u010dka a dost \u010dasto i t\u00e9m\u011b\u0159 \u010dlena rodiny, je t\u0159eba pe\u010dovat, sm\u00fdvat z n\u011bj prach z cest a &hellip; ","datePublished":"2019-04-05","dateModified":"2023-04-29","author":{"@type":"Person","@id":"https:\/\/www.skvaran.cz\/author\/#Person","name":"","url":"https:\/\/www.skvaran.cz\/author\/","identifier":1,"image":{"@type":"ImageObject","@id":"https:\/\/secure.gravatar.com\/avatar\/56990d361a15c60249588fcd5c65556d1c39f993ac5e20b5abce42fd817b46e8?s=96&d=mm&r=g","url":"https:\/\/secure.gravatar.com\/avatar\/56990d361a15c60249588fcd5c65556d1c39f993ac5e20b5abce42fd817b46e8?s=96&d=mm&r=g","height":96,"width":96}},"publisher":{"@type":"Organization","name":"skvaran.cz","logo":{"@type":"ImageObject","@id":"\/logo.png","url":"\/logo.png","width":600,"height":60}},"image":{"@type":"ImageObject","@id":"https:\/\/www.skvaran.cz\/wp-content\/uploads\/img_a343245_w2751_t1556374054.jpg","url":"https:\/\/www.skvaran.cz\/wp-content\/uploads\/img_a343245_w2751_t1556374054.jpg","height":0,"width":0},"url":"https:\/\/www.skvaran.cz\/do-mycky-ano-ci-ne\/","about":["Slu\u017eby"],"wordCount":433,"articleBody":"V\u016fz si m\u016f\u017eete um\u00fdt sami nebo vyu\u017e\u00edt slu\u017eeb my\u010dek. N\u011bkdo myt\u00ed v my\u010dk\u00e1ch odm\u00edt\u00e1 s t\u00edm, \u017ee si tam zni\u010d\u00ed lak na aut\u011b, jin\u00fd je naopak p\u0159\u00edznivcem tohoto zp\u016fsobu myt\u00ed automobilu. A\u0165 tak nebo tak, o sv\u00e9ho mil\u00e1\u010dka a dost \u010dasto i t\u00e9m\u011b\u0159 \u010dlena rodiny, je t\u0159eba pe\u010dovat, sm\u00fdvat z n\u011bj prach z cest a zbavovat ho n\u00e1nos\u016f bl\u00e1ta a bahna. Co nab\u00edz\u00ed my\u010dka  Jednoduch\u00fd zp\u016fsob, jak v\u016fz zbavit ne\u010distot z exteri\u00e9ru (za slu\u017ebu sice plat\u00edte, ale pokud nem\u00e1te \u010das nebo jinou mo\u017enost) je pro v\u00e1s n\u00e1v\u0161t\u011bva my\u010dky . V\u011bt\u0161inou ji najdete u benz\u00ednov\u00e9 stanice, jedn\u00e1 se o stavbu s myc\u00edmi kart\u00e1\u010di. Vybrat si m\u016f\u017eete z n\u011bkolika variant myt\u00ed, ta luxusn\u011bj\u0161\u00ed v\u00e1m lak i navoskuje a odjedete dokonce i s \u010dist\u00fdmi koly a cel\u00fdm spodkem vozidla. Shr\u0148me si plusy, t\u011bmi jsou rychlost a v\u00fdb\u011br z nab\u00edzen\u00fdch variant podle va\u0161ich pot\u0159eb. Jestli\u017ee budete st\u00e1l\u00fdmi z\u00e1kazn\u00edky my\u010dky, budete moci vyu\u017e\u00edt r\u016fzn\u00fdch slev \u010di jin\u00fdch v\u00fdhod. Pokud m\u00e1te nov\u00fd v\u016fz a boj\u00edte se po\u0161kozen\u00ed laku, pak je dost mo\u017en\u00e9, \u017ee myc\u00ed kart\u00e1\u010de n\u011bjakou tu nepatrnou \u0161kodu na laku zanechaj\u00ed. Odborn\u00e9 \u010di\u0161t\u011bn\u00ed Jestli\u017ee chcete o sv\u016fj v\u016fz pe\u010dovat opravdu d\u016fkladn\u011b, pak ho m\u016f\u017eete sv\u011b\u0159it do rukou odborn\u00e9 firmy, kde krom\u011b exteri\u00e9ru bude v\u011bnov\u00e1na p\u00e9\u010di i interi\u00e9ru vozu. D\u00e1 se \u0159\u00edci, \u017ee se jedn\u00e1 o metodu daleko \u0161etrn\u011bj\u0161\u00ed, ne\u017e je klasick\u00e1 my\u010dka, ale po\u010d\u00edtat mus\u00edte s t\u00edm, \u017ee si p\u0159iplat\u00edte.  Sv\u00fdmi vlastn\u00edmi silami Ne ka\u017ed\u00fd m\u00e1 mo\u017enost um\u00fdt sv\u016fj automobil ve sv\u00e9m bydli\u0161ti, i kdy\u017e by se \u010das na\u0161el. Investovat budete do myc\u00edch p\u0159\u00edpravk\u016f, v dosahu mus\u00edte m\u00edt vodu a tak\u00e9 m\u00edsto, kde to nebude vadit. \u010casov\u011b se jedn\u00e1 o n\u00e1ro\u010dn\u011bj\u0161\u00ed zp\u016fsob, na druhou stranu si \u00fadr\u017ebu ud\u011bl\u00e1te podle sv\u00fdch p\u0159edstav. Rozhodn\u011b nen\u00ed dobr\u00fd n\u00e1pad vyrazit n\u011bkam k vod\u011b do p\u0159\u00edrody, myslete na to, \u017ee p\u0159\u00edpravky obsahuj\u00ed hodn\u011b chemick\u00fdch l\u00e1tek a \u017ee tak m\u016f\u017eete zne\u010distit \u010di kontaminovat vodu v p\u0159\u00edrod\u011b.                                                                                                                                                                                                                                                                                                                                                                                          5\/5 - (5 votes)        "},{"@context":"https:\/\/schema.org\/","@type":"BreadcrumbList","itemListElement":[{"@type":"ListItem","position":1,"name":"Do my\u010dky ano \u010di ne?","item":"https:\/\/www.skvaran.cz\/do-mycky-ano-ci-ne\/#breadcrumbitem"}]}]