[{"@context":"https:\/\/schema.org\/","@type":"Article","@id":"https:\/\/www.skvaran.cz\/podnikani-s-usporami\/#Article","mainEntityOfPage":"https:\/\/www.skvaran.cz\/podnikani-s-usporami\/","headline":"Podnik\u00e1n\u00ed s \u00fasporami","name":"Podnik\u00e1n\u00ed s \u00fasporami","description":"Do listopadu 1989 byly v tehdej\u0161\u00edm \u010ceskoslovensku politick\u00e9 pom\u011bry, kter\u00e9, nejen\u017ee soukrom\u00e9 podnik\u00e1n\u00ed nepodporovaly, ale p\u0159\u00edmo trestaly. Pojem melouch\u00e1\u0159stv\u00ed, m\u011bl svou oporu v trestn\u00edm z\u00e1kon\u00edku a lidem, kte\u0159\u00ed n\u011bco um\u011bli a cht\u011bli b\u00fdt prosp\u011b\u0161n\u00ed i mimo mantinely centr\u00e1ln\u011b pl\u00e1novan\u00e9ho hospod\u00e1\u0159stv\u00ed se museli skr\u00fdt ve st\u00ednu \u0161ed\u00e9 ekonomiky a trnout, jestli je n\u011bkter\u00fd uv\u011bdom\u011bl\u00fd spoluob\u010dan nenahl\u00e1s\u00ed &hellip; ","datePublished":"2022-05-30","dateModified":"2023-04-29","author":{"@type":"Person","@id":"https:\/\/www.skvaran.cz\/author\/#Person","name":"","url":"https:\/\/www.skvaran.cz\/author\/","identifier":1,"image":{"@type":"ImageObject","@id":"https:\/\/secure.gravatar.com\/avatar\/56990d361a15c60249588fcd5c65556d1c39f993ac5e20b5abce42fd817b46e8?s=96&d=mm&r=g","url":"https:\/\/secure.gravatar.com\/avatar\/56990d361a15c60249588fcd5c65556d1c39f993ac5e20b5abce42fd817b46e8?s=96&d=mm&r=g","height":96,"width":96}},"publisher":{"@type":"Organization","name":"skvaran.cz","logo":{"@type":"ImageObject","@id":"\/logo.png","url":"\/logo.png","width":600,"height":60}},"image":{"@type":"ImageObject","@id":"https:\/\/www.skvaran.cz\/wp-content\/uploads\/eura%20v%20kapse_10_10_2.jpg","url":"https:\/\/www.skvaran.cz\/wp-content\/uploads\/eura%20v%20kapse_10_10_2.jpg","height":0,"width":0},"url":"https:\/\/www.skvaran.cz\/podnikani-s-usporami\/","about":["Slu\u017eby"],"wordCount":515,"articleBody":"   Do listopadu 1989 byly v tehdej\u0161\u00edm \u010ceskoslovensku politick\u00e9 pom\u011bry, kter\u00e9, nejen\u017ee soukrom\u00e9 podnik\u00e1n\u00ed nepodporovaly, ale p\u0159\u00edmo trestaly. Pojem melouch\u00e1\u0159stv\u00ed, m\u011bl svou oporu v trestn\u00edm z\u00e1kon\u00edku a lidem, kte\u0159\u00ed n\u011bco um\u011bli a cht\u011bli b\u00fdt prosp\u011b\u0161n\u00ed i mimo mantinely centr\u00e1ln\u011b pl\u00e1novan\u00e9ho hospod\u00e1\u0159stv\u00ed se museli skr\u00fdt ve st\u00ednu \u0161ed\u00e9 ekonomiky a trnout, jestli je n\u011bkter\u00fd uv\u011bdom\u011bl\u00fd spoluob\u010dan nenahl\u00e1s\u00ed \u00fa\u0159ad\u016fm za nedovolen\u00e9 podnik\u00e1n\u00ed. Tento nelogick\u00fd posto, m\u011bl oporu v z\u00e1kladn\u00edch dogmatech tehdej\u0161\u00edho re\u017eimu o t\u0159\u00eddn\u00ed rovnosti, kde v\u0161ichni m\u011bli m\u00edt stejn\u011b, a pr\u016fm\u011br byl standardem. Na\u0161t\u011bst\u00ed se ud\u00e1lostmi v listopadu 1989 uvolnily spole\u010densk\u00e9 pom\u011bry a velmi zt\u011b\u017eka se za\u010dalo navazovat na historii podnik\u00e1n\u00ed z Prvn\u00ed republiky a kr\u00e1tk\u00e9ho obdob\u00ed po v\u00e1lce, kdy svoboda osobn\u00ed i svoboda podnik\u00e1n\u00ed trvala jen do komunistick\u00e9ho pu\u010de v \u00fanoru 1948. Polistopadov\u00e9 hled\u00e1n\u00ed a slep\u00e9 uli\u010dky jsou u\u017e za n\u00e1mi a soukrom\u00e9 podnik\u00e1n\u00ed je n\u011b\u010d\u00edm samoz\u0159ejm\u00fdm, s dan\u00fdmi pravidly, s \u00fasp\u011b\u0161n\u00fdmi i m\u00e9n\u011b \u00fasp\u011b\u0161n\u00fdmi subjekty a projekty a trh si ji\u017e s\u00e1m eliminuje a reguluje, ty podnikatelsk\u00e9 aktivity, kter\u00e9 maj\u00ed budoucnost a ty, kter\u00e9 smysl postr\u00e1daj\u00ed. M\u011bnilo se i cel\u00e9 ovzdu\u0161\u00ed v podnikatelsk\u00e9m sektoru, je po\u0159\u00e1d nutn\u00e9 m\u00edt na pam\u011bti, \u017ee zde vznikalo nov\u00e9 d\u00edt\u011b se v\u0161emi nemocemi a probl\u00e9my dosp\u00edv\u00e1n\u00ed. Prvotn\u00ed \u017eivnostensk\u00e9 pokusy pro \u00fasp\u011b\u0161n\u00e9 z nich znamenaly strop podnikatelsk\u00fdch mo\u017enost\u00ed a byli zde lid\u00e9, kte\u0159\u00ed cht\u011bli sv\u016fj obor podnik\u00e1n\u00ed d\u00e1le rozv\u00edjet a povy\u0161ovat na jinou \u00farove\u0148. Toto vedlo k rozvoji dal\u0161\u00edch podnikatelsk\u00fdch forem, r\u016fzn\u00fdch sdru\u017een\u00ed podnikatel\u016f, s.r.o. akciov\u00fdch spole\u010dnost\u00ed a dal\u0161\u00edch. Tyto p\u0159erody z fyzick\u00fdch osob na pr\u00e1vnick\u00e9, nebyly rovn\u011b\u017e bez porodn\u00edch bolest\u00ed, ale trh s\u00e1m si tyto probl\u00e9my vy\u0159e\u0161il a narovnal.Soub\u011b\u017en\u011b s t\u00edmto v\u00fdvojem se rozv\u00edjel i sekund\u00e1rn\u00ed trh s firmami, za\u010daly se z\u0159izovat prvn\u00ed virtu\u00e1ln\u00ed s\u00eddla a celkov\u011b se upravovala doktr\u00edna o zakl\u00e1d\u00e1n\u00ed a chodu spole\u010dnost\u00ed. Mezi t\u011bmito poskytovateli m\u00e1 na\u0161e Skupina Farkas \u010cesko s.r.o., svou pevnou pozici s v\u00edce ne\u017e desetiletou tradic\u00ed. Na\u0161e p\u016fsobnost obsahuje celou \u010ceskou republiku a Polsko. Osobn\u011b n\u00e1s m\u016f\u017eete nav\u0161t\u00edvit na dev\u00edti m\u00edstech, kde jsme otev\u0159eli sv\u00e9 zastupitelsk\u00e9 kancel\u00e1\u0159e. V p\u0159\u00edpad\u011b, \u017ee v\u00e1m vyvstala pot\u0159eba z\u0159\u00eddit \u017eivnost, \u010di zalo\u017eit spole\u010dnost, pop\u0159\u00edpad\u011b zakoupit ji\u017e zalo\u017eenou spole\u010dnost s \u010distou a \u010ditelnou histori\u00ed, a\u0165 ji\u017e pl\u00e1tce nebo nepl\u00e1tce DPH, nav\u0161tivte n\u00e1s, pop\u0159\u00edpad\u011b nav\u0161tivte na\u0161e webov\u00e9 str\u00e1nky, kde jsou informace o firm\u011b na prodej v Ostrav\u011b.Budeme se t\u011b\u0161it                                                                                                                                                                                                                                                                                                                                                                                          3.9\/5 - (7 votes)        "},{"@context":"https:\/\/schema.org\/","@type":"BreadcrumbList","itemListElement":[{"@type":"ListItem","position":1,"name":"Podnik\u00e1n\u00ed s \u00fasporami","item":"https:\/\/www.skvaran.cz\/podnikani-s-usporami\/#breadcrumbitem"}]}]